[{"@context":"https:\/\/schema.org\/","@type":"Article","@id":"https:\/\/www.ivbp.cz\/detska-plastenka-neni-vzdy-idealni-reseni\/#Article","mainEntityOfPage":"https:\/\/www.ivbp.cz\/detska-plastenka-neni-vzdy-idealni-reseni\/","headline":"D\u011btsk\u00e1 pl\u00e1\u0161t\u011bnka nen\u00ed v\u017edy ide\u00e1ln\u00ed \u0159e\u0161en\u00ed","name":"D\u011btsk\u00e1 pl\u00e1\u0161t\u011bnka nen\u00ed v\u017edy ide\u00e1ln\u00ed \u0159e\u0161en\u00ed","description":"Mnoho rodi\u010d\u016f m\u00e1 jednu nep\u0159\u00edjemnou zku\u0161enost. Venku pr\u0161\u00ed a je zapot\u0159eb\u00ed odv\u00e9st potomka do \u0161kolky. A vy se ho u\u017e n\u011bkolik minut marn\u011b sna\u017e\u00edte nacpat do pl\u00e1\u0161t\u011bnky. Tato situace nen\u00ed v\u016fbec nic v\u00fdjime\u010dn\u00e9ho a zn\u00e1me ji t\u00e9m\u011b\u0159 v\u0161ichni. \u00b7 D\u011bti p\u0159ed\u0161koln\u00edho v\u011bku se n\u011bkdy poda\u0159\u00ed p\u0159esv\u011bd\u010dit, aby se do toho nepromokav\u00e9ho obalu nechali uzav\u0159\u00edt. \u00b7 &hellip; <a href=\"https:\/\/www.ivbp.cz\/detska-plastenka-neni-vzdy-idealni-reseni\/\" class=\"more-link\">Continue reading <span class=\"screen-reader-text\">D\u011btsk\u00e1 pl\u00e1\u0161t\u011bnka nen\u00ed v\u017edy ide\u00e1ln\u00ed \u0159e\u0161en\u00ed<\/span> <span class=\"meta-nav\">&rarr;<\/span><\/a>","datePublished":"2019-06-10","dateModified":"2023-04-29","author":{"@type":"Person","@id":"https:\/\/www.ivbp.cz\/author\/#Person","name":"ivbp.cz\n","url":"https:\/\/www.ivbp.cz\/author\/","identifier":1,"image":{"@type":"ImageObject","@id":"https:\/\/secure.gravatar.com\/avatar\/383247cd769f7ac317a5bcda943ec48a3c79d996598ae4564ec21a0e178126d1?s=96&d=mm&r=g","url":"https:\/\/secure.gravatar.com\/avatar\/383247cd769f7ac317a5bcda943ec48a3c79d996598ae4564ec21a0e178126d1?s=96&d=mm&r=g","height":96,"width":96}},"publisher":{"@type":"Organization","name":"ivbp.cz","logo":{"@type":"ImageObject","@id":"\/logo.png","url":"\/logo.png","width":600,"height":60}},"image":{"@type":"ImageObject","@id":"https:\/\/www.ivbp.cz\/wp-content\/uploads\/img_a358371_w1958_t1572534017.jpg","url":"https:\/\/www.ivbp.cz\/wp-content\/uploads\/img_a358371_w1958_t1572534017.jpg","height":0,"width":0},"url":"https:\/\/www.ivbp.cz\/detska-plastenka-neni-vzdy-idealni-reseni\/","about":["Zbo\u017e\u00ed"],"wordCount":446,"articleBody":"      Mnoho rodi\u010d\u016f m\u00e1 jednu nep\u0159\u00edjemnou zku\u0161enost. Venku pr\u0161\u00ed a je zapot\u0159eb\u00ed odv\u00e9st potomka do \u0161kolky. A vy se ho u\u017e n\u011bkolik minut marn\u011b sna\u017e\u00edte nacpat do pl\u00e1\u0161t\u011bnky. Tato situace nen\u00ed v\u016fbec nic v\u00fdjime\u010dn\u00e9ho a zn\u00e1me ji t\u00e9m\u011b\u0159 v\u0161ichni. \u00b7 D\u011bti p\u0159ed\u0161koln\u00edho v\u011bku se n\u011bkdy poda\u0159\u00ed p\u0159esv\u011bd\u010dit, aby se do toho nepromokav\u00e9ho obalu nechali uzav\u0159\u00edt. \u00b7 Ale jakmile va\u0161e d\u00edt\u011b nastoup\u00ed do z\u00e1kladn\u00ed \u0161koly, zm\u011bn\u00ed se v osobnost, kter\u00e1 si hned tak do ni\u010deho mluvit nenech\u00e1. Jak tedy vy\u0159e\u0161it situaci, kdy venku pr\u0161\u00ed a va\u0161e d\u00edt\u011b nechce pl\u00e1\u0161t\u011bnku? o Docela jednodu\u0161e. o Po\u0159i\u010fte mu de\u0161tn\u00edk.  D\u011btsk\u00e9 de\u0161tn\u00edky https:\/\/www.chytraliska.cz\/kategorie\/detske-destniky\/jsou velice vkusn\u00e9 a pro d\u011bti p\u0159ita\u017eliv\u00e9. Maj\u00ed v podstat\u011b \u201edosp\u011blou v\u011bc\u201c ale ve velikosti tak akor\u00e1t. Hned se mohou c\u00edtit o trochu v\u011bt\u0161\u00ed a star\u0161\u00ed. Po\u0159\u00edzen\u00ed de\u0161tn\u00edku pro sv\u00e9ho potomka ale nen\u00ed z\u00e1le\u017eitost, kter\u00e1 mu m\u00e1 jen ud\u011blat radost. O tom, \u017ee je to velice praktick\u00e1 v\u011bc, se jist\u011b p\u0159esv\u011bd\u010d\u00edte brzy i vy. Zejm\u00e9na, pokud jezd\u00edte se sv\u00fdm d\u00edt\u011btem m\u011bstskou hromadnou dopravou. \u00b7 De\u0161tn\u00edk se d\u00e1 toti\u017e slo\u017eit p\u0159ed nastoupen\u00edm do autobusu (metra) a pro ochr\u00e1n\u011bn\u00ed oble\u010den\u00ed sv\u00e9ho i spolucestuj\u00edc\u00edch nap\u0159\u00edklad je\u0161t\u011b vlo\u017eit do igelitov\u00e9 ta\u0161ky. \u00b7 Pl\u00e1\u0161t\u011bnku si v\u011bt\u0161inou ka\u017ed\u00fd nech\u00e1v\u00e1 na sob\u011b. \u00a7 A po vstupu do dopravn\u00edho prost\u0159edku m\u016f\u017ee nastat s okolostoj\u00edc\u00edmi probl\u00e9m. \u00a7 Zejm\u00e9na v dob\u011b, kdy je linka v\u00edce vyt\u00ed\u017eena https:\/\/www.innogy.cz\/kontakty\/zakaznicka-linka\/   A \u0159e\u0161it probl\u00e9m de\u0161t\u011b pod spole\u010dn\u00fdm de\u0161tn\u00edkem tak\u00e9 nen\u00ed tak docela dobr\u00fd n\u00e1pad.Zejm\u00e9na, pokud je v\u00fd\u0161ka ukr\u00fdvaj\u00edc\u00edch se v\u00edce rozd\u00edln\u00e1. Jeden chodec se mus\u00ed neust\u00e1le kr\u010dit a druh\u00fd stejn\u011b po celou dobu mokne.    Vyu\u017eijete de\u0161tn\u00edk i pl\u00e1\u0161t\u011bnku  Ve sv\u00e9 podstat\u011b je velice praktick\u00e9 po\u0159\u00eddit ob\u011b varianty \u2013 de\u0161tn\u00edk i pl\u00e1\u0161t\u011bnku. Ob\u011b toti\u017e docela dob\u0159e vyu\u017eijete. Jen ka\u017edou z nich v jin\u00e9 situaci. o Do m\u011bsta se bude v\u00edce hodit d\u011btsk\u00fd de\u0161tn\u00edk a a\u017e p\u016fjdete na v\u00fdlet a za\u010dne neo\u010dek\u00e1van\u011b pr\u0161et, vyu\u017eijete pl\u00e1\u0161t\u011bnku.                                                                                                                                                                                                                                                                                                                                                                                          4\/5 - (7 votes)        "},{"@context":"https:\/\/schema.org\/","@type":"BreadcrumbList","itemListElement":[{"@type":"ListItem","position":1,"name":"D\u011btsk\u00e1 pl\u00e1\u0161t\u011bnka nen\u00ed v\u017edy ide\u00e1ln\u00ed \u0159e\u0161en\u00ed","item":"https:\/\/www.ivbp.cz\/detska-plastenka-neni-vzdy-idealni-reseni\/#breadcrumbitem"}]}]