[{"@context":"https:\/\/schema.org\/","@type":"Article","@id":"https:\/\/www.ivbp.cz\/jeseniky-vas-zvou-k-dalekym-rozhledum-do-krajiny\/#Article","mainEntityOfPage":"https:\/\/www.ivbp.cz\/jeseniky-vas-zvou-k-dalekym-rozhledum-do-krajiny\/","headline":"Jesen\u00edky v\u00e1s zvou k dalek\u00fdm rozhled\u016fm do krajiny","name":"Jesen\u00edky v\u00e1s zvou k dalek\u00fdm rozhled\u016fm do krajiny","description":"M\u00e1te r\u00e1di dalek\u00e9 rozhledy do krajiny, kter\u00e9 fascinuj\u00ed i profesion\u00e1ln\u00ed fotografy? Pak bychom v\u00e1m mohli nab\u00eddnout ubytov\u00e1n\u00ed v Jesen\u00edk\u00e1ch v apartm\u00e1nech nedaleko nejvy\u0161\u0161\u00ed hory Prad\u011bd, odkud m\u00e1te p\u0159\u00edle\u017eitost vydat se za t\u011bmi nejzaj\u00edmav\u011bj\u0161\u00edmi oblastmi nejrozs\u00e1hlej\u0161\u00edho poho\u0159\u00ed na severn\u00ed Morav\u011b. Prad\u011bd \u2013 z Prad\u011bdu, nejvy\u0161\u0161\u00edho vrcholu cel\u00e9 Moravy, dohl\u00e9dnete opravdu daleko, zejm\u00e9na pak z ochozu m\u00edstn\u00ed &hellip; <a href=\"https:\/\/www.ivbp.cz\/jeseniky-vas-zvou-k-dalekym-rozhledum-do-krajiny\/\" class=\"more-link\">Continue reading <span class=\"screen-reader-text\">Jesen\u00edky v\u00e1s zvou k dalek\u00fdm rozhled\u016fm do krajiny<\/span> <span class=\"meta-nav\">&rarr;<\/span><\/a>","datePublished":"2022-12-26","dateModified":"2023-04-29","author":{"@type":"Person","@id":"https:\/\/www.ivbp.cz\/author\/#Person","name":"ivbp.cz\n","url":"https:\/\/www.ivbp.cz\/author\/","identifier":1,"image":{"@type":"ImageObject","@id":"https:\/\/secure.gravatar.com\/avatar\/383247cd769f7ac317a5bcda943ec48a3c79d996598ae4564ec21a0e178126d1?s=96&d=mm&r=g","url":"https:\/\/secure.gravatar.com\/avatar\/383247cd769f7ac317a5bcda943ec48a3c79d996598ae4564ec21a0e178126d1?s=96&d=mm&r=g","height":96,"width":96}},"publisher":{"@type":"Organization","name":"ivbp.cz","logo":{"@type":"ImageObject","@id":"\/logo.png","url":"\/logo.png","width":600,"height":60}},"image":{"@type":"ImageObject","@id":"https:\/\/www.ivbp.cz\/wp-content\/uploads\/jesenik-gba3e977bb_640.jpg","url":"https:\/\/www.ivbp.cz\/wp-content\/uploads\/jesenik-gba3e977bb_640.jpg","height":0,"width":0},"url":"https:\/\/www.ivbp.cz\/jeseniky-vas-zvou-k-dalekym-rozhledum-do-krajiny\/","about":["Podnik\u00e1n\u00ed"],"wordCount":396,"articleBody":"   M\u00e1te r\u00e1di dalek\u00e9 rozhledy do krajiny, kter\u00e9 fascinuj\u00ed i profesion\u00e1ln\u00ed fotografy? Pak bychom v\u00e1m mohli nab\u00eddnout ubytov\u00e1n\u00ed v Jesen\u00edk\u00e1ch v apartm\u00e1nech nedaleko nejvy\u0161\u0161\u00ed hory Prad\u011bd, odkud m\u00e1te p\u0159\u00edle\u017eitost vydat se za t\u011bmi nejzaj\u00edmav\u011bj\u0161\u00edmi oblastmi nejrozs\u00e1hlej\u0161\u00edho poho\u0159\u00ed na severn\u00ed Morav\u011b.Prad\u011bd \u2013 z Prad\u011bdu, nejvy\u0161\u0161\u00edho vrcholu cel\u00e9 Moravy, dohl\u00e9dnete opravdu daleko, zejm\u00e9na pak z ochozu m\u00edstn\u00ed rozhledny. Vyb\u00edrejte v\u0161ak dny s p\u011bkn\u00fdm po\u010das\u00edm a s dalekou dohlednost\u00ed. Sou\u010d\u00e1st\u00ed rozhledny s vys\u00edla\u010dem je i restaurace, kter\u00e1 je v provozu po cel\u00fd rok. Z Prad\u011bdu byste se pak mohli vydat p\u011b\u0161ky pod\u00e9l vodop\u00e1d\u016f B\u00edl\u00e9 Opavy do Karlovy Stud\u00e1nky, stoj\u00ed to za to.Dlouh\u00e9 str\u00e1n\u011b \u2013 z p\u0159e\u010derp\u00e1vac\u00ed vodn\u00ed elektr\u00e1rny Dlouh\u00e9 str\u00e1n\u011b je v\u00fdhled skute\u010dn\u011b impozantn\u00ed. Ten by v\u00e1m nem\u011bl rozhodn\u011b uniknout. Elektr\u00e1rna dokonce po\u0159\u00e1d\u00e1 exkurze pro skupiny i jednotlivce, ov\u0161em mus\u00edte prov\u00e9st v\u010dasnou rezervaci, o pr\u00e1zdnin\u00e1ch nejl\u00e9pe t\u0159i t\u00fddny p\u0159edem. Jedn\u00e1 se o vodn\u00ed d\u00edlo naprosto v\u00fdjime\u010dn\u00e9, kter\u00e9 nikde jinde ve sv\u011bt\u011b nespat\u0159\u00edte.Rejv\u00edz \u2013 ra\u0161elini\u0161t\u011b Rejv\u00edz se nach\u00e1z\u00ed na n\u00e1horn\u00ed plo\u0161in\u011b nedaleko m\u011bsta Zlat\u00e9 Hory. Je to p\u0159ekr\u00e1sn\u00fd kout Hrub\u00e9ho Jesen\u00edku a m\u00e1te-li z\u00e1jem poznat tamn\u00ed krajinu v\u00edce zbl\u00edzka, proje\u010fte se po silnici \u010d. 454, pota\u017emo 453 ze Zlat\u00fdch Hor k Rejv\u00edzu a d\u00e1le pak do okresn\u00edho m\u011bsta Jesen\u00edk. Panensk\u00e1 p\u0159\u00edroda Jesen\u00edk\u016f v\u00e1m jist\u011b u\u010daruje.Harrachov a Doln\u00ed Moravice \u2013 Harrachov je osada, kterou zakl\u00e1dal \u00fadajn\u011b hrab\u011b Harrach, a vybral si skute\u010dn\u011b velmi p\u016fsobiv\u00e9 m\u00edsto. Proje\u010fte se po silnici \u010d. 11 z Mal\u00e9 \u0160t\u00e1hle do R\u00fdma\u0159ova a odtud odbo\u010dte vpravo sm\u011brem na Harrachov. Pokra\u010dujte pak po silnici \u010d. 445 m\u00edrn\u00fdm stoup\u00e1n\u00edm na vrchol nad Doln\u00ed Moravic\u00ed a zde s autem zastavte. Budete m\u00edt p\u0159ed sebou jako na dlani po lev\u00e9 stran\u011b Prad\u011bd a velkou \u010d\u00e1st hlavn\u00edho h\u0159ebene Jesen\u00edk\u016f. Je to opravdu \u00fachvatn\u00fd pohled, stoj\u00ed za to tu t\u0159eba posva\u010dit.                                                                                                                                                                                                                                                                                                                                                                                          4.1\/5 - (12 votes)        "},{"@context":"https:\/\/schema.org\/","@type":"BreadcrumbList","itemListElement":[{"@type":"ListItem","position":1,"name":"Jesen\u00edky v\u00e1s zvou k dalek\u00fdm rozhled\u016fm do krajiny","item":"https:\/\/www.ivbp.cz\/jeseniky-vas-zvou-k-dalekym-rozhledum-do-krajiny\/#breadcrumbitem"}]}]