[{"@context":"https:\/\/schema.org\/","@type":"Article","@id":"https:\/\/www.ivbp.cz\/letni-kojenecke-obleceni\/#Article","mainEntityOfPage":"https:\/\/www.ivbp.cz\/letni-kojenecke-obleceni\/","headline":"Letn\u00ed kojeneck\u00e9 oble\u010den\u00ed","name":"Letn\u00ed kojeneck\u00e9 oble\u010den\u00ed","description":"M\u00e1te mal\u00e9 miminko, nebo jeho p\u0159\u00edchod o\u010dek\u00e1v\u00e1te ka\u017ed\u00fdm dnem? Zrovna m\u00e1me l\u00e9to, a hork\u00e9 po\u010das\u00ed neprosp\u00edv\u00e1 nikomu, a hlavn\u011b ne mal\u00fdm mimink\u016fm. Miminka jsou velmi citliv\u00e1 na takto vysok\u00e9 letn\u00ed teploty, a proto se mus\u00ed adekv\u00e1tn\u011b obl\u00e9kat, a to i v p\u0159\u00edpad\u011b, \u017ee jste na slunci. Mnoho rodi\u010d\u016f se myln\u011b domn\u00edv\u00e1, \u017ee kdy\u017e je pod &hellip; <a href=\"https:\/\/www.ivbp.cz\/letni-kojenecke-obleceni\/\" class=\"more-link\">Continue reading <span class=\"screen-reader-text\">Letn\u00ed kojeneck\u00e9 oble\u010den\u00ed<\/span> <span class=\"meta-nav\">&rarr;<\/span><\/a>","datePublished":"2022-06-14","dateModified":"2023-04-29","author":{"@type":"Person","@id":"https:\/\/www.ivbp.cz\/author\/#Person","name":"ivbp.cz\n","url":"https:\/\/www.ivbp.cz\/author\/","identifier":1,"image":{"@type":"ImageObject","@id":"https:\/\/secure.gravatar.com\/avatar\/383247cd769f7ac317a5bcda943ec48a3c79d996598ae4564ec21a0e178126d1?s=96&d=mm&r=g","url":"https:\/\/secure.gravatar.com\/avatar\/383247cd769f7ac317a5bcda943ec48a3c79d996598ae4564ec21a0e178126d1?s=96&d=mm&r=g","height":96,"width":96}},"publisher":{"@type":"Organization","name":"ivbp.cz","logo":{"@type":"ImageObject","@id":"\/logo.png","url":"\/logo.png","width":600,"height":60}},"image":{"@type":"ImageObject","@id":"https:\/\/www.ivbp.cz\/wp-content\/uploads\/pexels-henley-design-studio-961198.jpg","url":"https:\/\/www.ivbp.cz\/wp-content\/uploads\/pexels-henley-design-studio-961198.jpg","height":0,"width":0},"url":"https:\/\/www.ivbp.cz\/letni-kojenecke-obleceni\/","about":["Zbo\u017e\u00ed"],"wordCount":424,"articleBody":"        M\u00e1te mal\u00e9 miminko, nebo jeho p\u0159\u00edchod o\u010dek\u00e1v\u00e1te ka\u017ed\u00fdm dnem? Zrovna m\u00e1me l\u00e9to, a hork\u00e9 po\u010das\u00ed neprosp\u00edv\u00e1 nikomu, a hlavn\u011b ne mal\u00fdm mimink\u016fm. Miminka jsou velmi citliv\u00e1 na takto vysok\u00e9 letn\u00ed teploty, a proto se mus\u00ed adekv\u00e1tn\u011b obl\u00e9kat, a to i v p\u0159\u00edpad\u011b, \u017ee jste na slunci. Mnoho rodi\u010d\u016f se myln\u011b domn\u00edv\u00e1, \u017ee kdy\u017e je pod mrakem, poko\u017eka d\u011bt\u00ed je chr\u00e1n\u011bn\u00e1, ale tak tomu nen\u00ed. Proto v\u017edy dbejte na vhodn\u00fd od\u011bv a v letn\u00edch dnech s\u00e1hn\u011bte po letn\u00edm. Kojenecn\u00e9 overely letn\u00ed Kojeneckeobleceni u n\u00e1s najdete v nep\u0159ebern\u00e9m mno\u017estv\u00ed &#8211; neutr\u00e1ln\u00ed, hol\u010di\u010d\u00ed i chlapeck\u00e9.Overaly jsou velmi obl\u00edben\u00fdm kojeneck\u00fdm oble\u010den\u00edm, proto\u017ee se daj\u00ed sehnat v mnoha proveden\u00edch. Chcete roztomil\u00e9 vylo\u017een\u011b miminkovsk\u00e9 oble\u010den\u00ed, nebo m\u00e1te rad\u0161i st\u0159\u00eddm\u011bj\u0161\u00ed kousky? Najdete u n\u00e1s ob\u011b varianty.Pro pohodl\u00ed v\u0161e Nen\u00ed dobr\u00e9 obl\u00e9kat mal\u00e9 d\u011bti do um\u011bl\u00fdch l\u00e1tek, proto\u017ee mohou vzniknout od\u0159eniny i opruzeniny, co\u017e na n\u00e1lad\u011b va\u0161eho d\u00edt\u011bte ani t\u00e9 va\u0161\u00ed rozhodn\u011b nep\u0159id\u00e1. V\u017edy vyb\u00edrejte oble\u010den\u00ed z bavlny, bambusu a nebo mu\u0161el\u00edn, co\u017e jsou l\u00e1tky, kter\u00e9 jsou prody\u0161n\u00e9, kr\u00e1sn\u011b saj\u00ed a jsou velmi p\u0159\u00edjemn\u00e9 na dotek. u n\u00e1s najdete bavlnu nebo bambus, kter\u00e9 jsou pro d\u011btskou poko\u017eku jako pohlazen\u00edPro snadnou manipulaci s oble\u010den\u00edm i d\u00edt\u011btem p\u0159i p\u0159ebalov\u00e1n\u00ed jsou na\u0161e overaly vyrobeny tak, aby se daly snadno rozepnout a sundat. Proto maj\u00ed mezi no\u017ei\u010dkami patentky, d\u00edky kter\u00fdm se dostanete k plence opravdu rychle.Velikost 50 &#8211; overaly m\u00e1me v t\u00e9to velikosti, proto\u017ee jsou ur\u010deny novorozen\u00fdm mimink\u016fm. V\u011bt\u0161\u00ed d\u011bti u\u017e mohou m\u00edt zvl\u00e1\u0161\u0165 kra\u0165\u00e1sky a suk\u00fdnku a k tomu tri\u010dko, proto je sortiment velikostn\u011b omezen\u00fd.Hled\u00e1te je\u0161t\u011b n\u011bco? U n\u00e1s se\u017eenete kompletn\u00ed v\u00fdbavu &#8211; brynd\u00e1\u010dky, body, tri\u010dka, oble\u010den\u00ed na zimu, \u0161aty na l\u00e9to, a mnoho dal\u0161\u00edho v r\u016fzn\u00fdch velikostech. Hledat po\u017eadovan\u00e9 oble\u010den\u00ed m\u016f\u017eete podle materi\u00e1lu, velikosti i druhu. V nab\u00eddce m\u00e1me i kr\u00e1sn\u00e9 d\u00e1rky pro maminky i miminka, tak\u017ee jestli hled\u00e1te n\u011bco jako d\u00e1rek, jste u n\u00e1s na spr\u00e1vn\u00e9 adrese.                                                                                                                                                                                                                                                                                                                                                                                          4.9\/5 - (9 votes)        "},{"@context":"https:\/\/schema.org\/","@type":"BreadcrumbList","itemListElement":[{"@type":"ListItem","position":1,"name":"Letn\u00ed kojeneck\u00e9 oble\u010den\u00ed","item":"https:\/\/www.ivbp.cz\/letni-kojenecke-obleceni\/#breadcrumbitem"}]}]