[{"@context":"https:\/\/schema.org\/","@type":"Article","@id":"https:\/\/www.ivbp.cz\/moje-prace-krejci\/#Article","mainEntityOfPage":"https:\/\/www.ivbp.cz\/moje-prace-krejci\/","headline":"Moje pr\u00e1ce krej\u010d\u00ed","name":"Moje pr\u00e1ce krej\u010d\u00ed","description":"U\u017e jako malou holku m\u011b opravdu hodn\u011b bavilo \u0161\u00edt a vy\u0161\u00edvat. Tak\u00e9 m\u011b velice zaj\u00edmalo to, kdy\u017e jsem t\u0159eba mohla vz\u00edt n\u011bjak\u00fd krej\u010dovsk\u00fd metr a mohla jsem t\u00edm t\u0159eba m\u011b\u0159it svou maminku anebo otce a nebo sv\u00e9ho star\u0161\u00edho bratra. V\u017edycky jsem si \u0159ekla, \u017ee bych cht\u011bla n\u011bco ud\u011blat takov\u00e9, co by bylo opravdu p\u011bkn\u00e9. Jenom\u017ee &hellip; <a href=\"https:\/\/www.ivbp.cz\/moje-prace-krejci\/\" class=\"more-link\">Continue reading <span class=\"screen-reader-text\">Moje pr\u00e1ce krej\u010d\u00ed<\/span> <span class=\"meta-nav\">&rarr;<\/span><\/a>","datePublished":"2022-12-15","dateModified":"2023-04-29","author":{"@type":"Person","@id":"https:\/\/www.ivbp.cz\/author\/#Person","name":"ivbp.cz\n","url":"https:\/\/www.ivbp.cz\/author\/","identifier":1,"image":{"@type":"ImageObject","@id":"https:\/\/secure.gravatar.com\/avatar\/383247cd769f7ac317a5bcda943ec48a3c79d996598ae4564ec21a0e178126d1?s=96&d=mm&r=g","url":"https:\/\/secure.gravatar.com\/avatar\/383247cd769f7ac317a5bcda943ec48a3c79d996598ae4564ec21a0e178126d1?s=96&d=mm&r=g","height":96,"width":96}},"publisher":{"@type":"Organization","name":"ivbp.cz","logo":{"@type":"ImageObject","@id":"\/logo.png","url":"\/logo.png","width":600,"height":60}},"image":{"@type":"ImageObject","@id":"https:\/\/www.ivbp.cz\/wp-content\/uploads\/mannequin-223456_960_720.jpg","url":"https:\/\/www.ivbp.cz\/wp-content\/uploads\/mannequin-223456_960_720.jpg","height":0,"width":0},"url":"https:\/\/www.ivbp.cz\/moje-prace-krejci\/","about":["Zbo\u017e\u00ed"],"wordCount":417,"articleBody":"        U\u017e jako malou holku m\u011b opravdu hodn\u011b bavilo \u0161\u00edt a vy\u0161\u00edvat. Tak\u00e9 m\u011b velice zaj\u00edmalo to, kdy\u017e jsem t\u0159eba mohla vz\u00edt n\u011bjak\u00fd krej\u010dovsk\u00fd metr a mohla jsem t\u00edm t\u0159eba m\u011b\u0159it svou maminku anebo otce a nebo sv\u00e9ho star\u0161\u00edho bratra. V\u017edycky jsem si \u0159ekla, \u017ee bych cht\u011bla n\u011bco ud\u011blat takov\u00e9, co by bylo opravdu p\u011bkn\u00e9. Jenom\u017ee to mi v t\u00e9 dob\u011b bylo asi sedm anebo osm let, a to mi rodi\u010de necht\u011bli v\u016fbec do rukou d\u00e1t n\u011bjakou jehlu. B\u00e1li se, \u017ee se p\u00edchnu o n\u011bjakou velkou jehlu a budu potom bre\u010det. No, nediv\u00edm se jim. A nakonec to tedy dopadlo tak, \u017ee jsem si potaj\u00ed vzala takov\u00fd mal\u00fd jeheln\u00ed\u010dek.Je\u0161t\u011b jsem si vzala v\u011bt\u0161\u00ed jehlu a nit, co\u017e byl docela z\u00e1zrak, proto\u017ee jsem u\u017e v t\u00e9 dob\u011b nosila br\u00fdle, ale nit jsem navl\u00e9kla \u00fasp\u011b\u0161n\u011b. \u0160patn\u011b jsem vid\u011bla. A sv\u011bte div se, bohu\u017eel jsem se samoz\u0159ejm\u011b p\u00edchla o jehlu. V\u016fbec jsem si nevzala \u017e\u00e1dn\u00fd n\u00e1prstek, tak\u017ee jsem m\u011bla opravdu tak dva milimetry zap\u00edchnutou jehlu v prstu. J\u00e1 jsem taky je\u010dela, \u017ee se moje m\u00e1ma \u00fapln\u011b lekla, co se to doma d\u011bje. Samoz\u0159ejm\u011b, \u017ee m\u011b moje m\u00e1ma ut\u011b\u0161ovala, ale potom mi taky vynadala, \u017ee jsem si vzala jeheln\u00ed\u010dek p\u0159es z\u00e1kaz. A potom, kdy\u017e mi u\u017e bylo asi sedmn\u00e1ct let, tak jsem si po\u0159\u00eddila tak\u00e9 nastavitelnou krej\u010dovskou pannu. Pokud i v\u00e1s by zaj\u00edmala krej\u010dovsk\u00e1 nastaviteln\u00e1 panna, tak se pod\u00edvejte na webov\u00e9 str\u00e1nky prima-obchod.cz, kde najdete hr\u016fznou textiln\u00ed galanterii a tak\u00e9 krej\u010dovsk\u00e9 pot\u0159eby a dal\u0161\u00ed produkty, kter\u00e9 byste pot\u0159ebovali, kdybyste cht\u011bli b\u00fdt krej\u010dov\u00e1. A m\u011b tohle opravdu bav\u00ed. I kdy\u017e jsem tedy vyu\u010den\u00fd kucha\u0159 \u010d\u00ed\u0161n\u00edk, tak krej\u010dovinu d\u011bl\u00e1m opravdu jakou z\u00e1libu a bav\u00ed m\u011b to. A abych pravdu \u0159ekla a mohla se taky pochlubit, \u017ee krej\u010dovina m\u011b opravdu bav\u00ed a j\u00e1 u\u017e m\u00e1m taky n\u011bkolik zak\u00e1zek a krej\u010dovinou si vyd\u011bl\u00e1v\u00e1m dokonce v\u00edce ne\u017e svou prac\u00ed ve \u0161koln\u00ed j\u00eddeln\u011b. A krej\u010dovsk\u00e9 nastaviteln\u00e9 panny se\u017enete taky v r\u016fzn\u00e9 velikosti a taky materi\u00e1lu, tak\u017ee m\u00e1te opravdu hodn\u011b na v\u00fdb\u011br.                                                                                                                                                                                                                                                                                                                                                                                           3.8\/5 - (5 votes)        "},{"@context":"https:\/\/schema.org\/","@type":"BreadcrumbList","itemListElement":[{"@type":"ListItem","position":1,"name":"Moje pr\u00e1ce krej\u010d\u00ed","item":"https:\/\/www.ivbp.cz\/moje-prace-krejci\/#breadcrumbitem"}]}]